{"id":14322,"date":"2023-05-16T13:47:23","date_gmt":"2023-05-16T13:47:23","guid":{"rendered":"https:\/\/www.traxgo.be\/?p=14322"},"modified":"2023-10-16T09:16:25","modified_gmt":"2023-10-16T09:16:25","slug":"laissez-nous-vous-inspirer-dans-le-domaine-des-solutions-de-suivi-lors-de-fleet-expo-2023","status":"publish","type":"post","link":"https:\/\/www.traxgo.be\/fr\/laissez-nous-vous-inspirer-dans-le-domaine-des-solutions-de-suivi-lors-de-fleet-expo-2023\/","title":{"rendered":"Laissez-nous vous inspirer pour le suivi \u00e0 Fleet Expo 2023"},"content":{"rendered":"<p><img loading=\"lazy\" decoding=\"async\" class=\"alignright wp-image-14289\" src=\"https:\/\/www.traxgo.be\/wp-content\/uploads\/2023\/05\/fleetexpo2023.jpg\" alt=\"Laissez-nous vous inspirer dans le domaine des solutions de suivi lors de Fleet Expo 2023\" width=\"580\" height=\"387\" srcset=\"https:\/\/www.traxgo.be\/wp-content\/uploads\/2023\/05\/fleetexpo2023.jpg 1000w, https:\/\/www.traxgo.be\/wp-content\/uploads\/2023\/05\/fleetexpo2023-300x200.jpg 300w, https:\/\/www.traxgo.be\/wp-content\/uploads\/2023\/05\/fleetexpo2023-768x512.jpg 768w\" sizes=\"auto, (max-width: 580px) 100vw, 580px\" \/><a href=\"https:\/\/www.fleet-expo.nl\/\" target=\"_blank\" rel=\"noopener\">Fleet Expo<\/a> est le salon professionnel de r\u00e9f\u00e9rence aux Pays-Bas pour les sp\u00e9cialistes de la gestion de flotte et de la mobilit\u00e9, des camionnettes et voitures particuli\u00e8res aux autres solutions de mobilit\u00e9. Plus d\u2019un millier de gestionnaires de flotte et de mobilit\u00e9 se r\u00e9uniront le mercredi <strong>15 novembre 2023<\/strong> \u00e0 la <strong>Jaarbeurs \u00e0 Utrecht<\/strong> pour r\u00e9seauter, trouver des sources d\u2019inspiration et s\u2019informer gr\u00e2ce \u00e0 de nombreuses sessions d\u2019information et de partenaires d\u2019exposition. Bref, le lieu id\u00e9al pour permettre \u00e0 tous les professionnels du secteur de la mobilit\u00e9 de d\u00e9velopper leur r\u00e9seau.<\/p>\n<h3>D\u00e9couvrez nos solutions de suivi et de tra\u00e7abilit\u00e9<\/h3>\n<p>En Belgique, <a href=\"https:\/\/www.traxgo.be\/\">Traxgo<\/a> fait d\u00e9j\u00e0 partie des meilleures entreprises dans le domaine du suivi et de la tra\u00e7abilit\u00e9, et propose, en tant que <a href=\"https:\/\/www.traxgo.be\/fr\/certifications-garantissent-la-securite-de-vos-donnees\/\">partenaire sp\u00e9cialis\u00e9 et certifi\u00e9 ISO<\/a>, une solution globale unique pour am\u00e9liorer les processus d\u2019entreprise: d\u2019une part, une plateforme pour collecter des informations en temps r\u00e9el et, d\u2019autre part, un logiciel d\u2019entreprise pour informer les clients et soutenir les \u00e9conomies.<\/p>\n<p>Afin de pouvoir r\u00e9pondre aux besoins de ce march\u00e9 sp\u00e9cifique, <a href=\"https:\/\/www.traxgo.nl\/\" target=\"_blank\" rel=\"noopener\">Traxgo Pays-Bas<\/a> a r\u00e9cemment \u00e9t\u00e9 cr\u00e9\u00e9 dans le cadre de notre strat\u00e9gie de croissance. Il est donc logique que nous soyons pr\u00e9sents \u00e0 Fleet Expo 2023. Vous souhaitez faire plus ample connaissance avec notre \u00e9quipe et d\u00e9couvrir les possibilit\u00e9s de nos nombreuses applications de suivi et de tra\u00e7abilit\u00e9? Alors bloquez d\u00e9j\u00e0 la date du 15 novembre 2023 dans votre agenda!<\/p>\n<p><a class=\"button cta\" href=\"https:\/\/www.fleet-expo.nl\/registratie\/?partner=traxgo\" target=\"_blank\" rel=\"noopener\">S'inscrire maintenant<\/a><\/p>\n","protected":false},"excerpt":{"rendered":"<p>Fleet Expo est le salon professionnel de r\u00e9f\u00e9rence aux Pays-Bas pour les sp\u00e9cialistes de la gestion de flotte et de la mobilit\u00e9, qu\u2019il s\u2019agisse de camionnettes ou d\u2019autres solutions de mobilit\u00e9.<\/p>\n","protected":false},"author":1,"featured_media":14291,"comment_status":"closed","ping_status":"open","sticky":false,"template":"","format":"standard","meta":{"_acf_changed":false,"footnotes":""},"categories":[12],"tags":[],"class_list":["post-14322","post","type-post","status-publish","format-standard","has-post-thumbnail","hentry","category-non-classifiee"],"acf":[],"_links":{"self":[{"href":"https:\/\/www.traxgo.be\/fr\/wp-json\/wp\/v2\/posts\/14322","targetHints":{"allow":["GET"]}}],"collection":[{"href":"https:\/\/www.traxgo.be\/fr\/wp-json\/wp\/v2\/posts"}],"about":[{"href":"https:\/\/www.traxgo.be\/fr\/wp-json\/wp\/v2\/types\/post"}],"author":[{"embeddable":true,"href":"https:\/\/www.traxgo.be\/fr\/wp-json\/wp\/v2\/users\/1"}],"replies":[{"embeddable":true,"href":"https:\/\/www.traxgo.be\/fr\/wp-json\/wp\/v2\/comments?post=14322"}],"version-history":[{"count":5,"href":"https:\/\/www.traxgo.be\/fr\/wp-json\/wp\/v2\/posts\/14322\/revisions"}],"predecessor-version":[{"id":14910,"href":"https:\/\/www.traxgo.be\/fr\/wp-json\/wp\/v2\/posts\/14322\/revisions\/14910"}],"wp:featuredmedia":[{"embeddable":true,"href":"https:\/\/www.traxgo.be\/fr\/wp-json\/wp\/v2\/media\/14291"}],"wp:attachment":[{"href":"https:\/\/www.traxgo.be\/fr\/wp-json\/wp\/v2\/media?parent=14322"}],"wp:term":[{"taxonomy":"category","embeddable":true,"href":"https:\/\/www.traxgo.be\/fr\/wp-json\/wp\/v2\/categories?post=14322"},{"taxonomy":"post_tag","embeddable":true,"href":"https:\/\/www.traxgo.be\/fr\/wp-json\/wp\/v2\/tags?post=14322"}],"curies":[{"name":"wp","href":"https:\/\/api.w.org\/{rel}","templated":true}]}}