{"id":4714,"date":"2019-10-02T14:15:30","date_gmt":"2019-10-02T14:15:30","guid":{"rendered":"https:\/\/www.traxgo.be\/?p=4714"},"modified":"2019-10-02T14:22:26","modified_gmt":"2019-10-02T14:22:26","slug":"17e-edition-des-bedrijven-contactdagen-a-kortrijk-xpo","status":"publish","type":"post","link":"https:\/\/www.traxgo.be\/fr\/17e-edition-des-bedrijven-contactdagen-a-kortrijk-xpo\/","title":{"rendered":"17e \u00e9dition des Bedrijven Contactdagen \u00e0 Kortrijk Xpo"},"content":{"rendered":"<p><iframe loading=\"lazy\" class=\"alignright\" src=\"https:\/\/www.youtube.com\/embed\/xjoigqNDHAk?rel=0\" width=\"640\" height=\"360\" frameborder=\"0\" allowfullscreen=\"allowfullscreen\" data-mce-fragment=\"1\"><\/iframe><\/p>\n<p>Les 4 et 5 d\u00e9cembre 2019, Traxgo participera \u00e0 nouveau aux Bedrijven Contactdagen. Le plus grand \u00e9v\u00e9nement en Belgique en mati\u00e8re de contacts pour les entreprises en est entre-temps d\u00e9j\u00e0 \u00e0 sa 17<sup>e<\/sup> \u00e9dition et est une nouvelle fois en mesure de pr\u00e9senter une plateforme d\u2019entreprises de haut niveau aussi bien dans le secteur de l\u2019industrie, de la livraison, du commerce de d\u00e9tail et de gros, du transport que de la construction et des services.<\/p>\n<p>Avec une formule \u00e0 succ\u00e8s qui a pour objectif de rassembler physiquement les entreprises et entrepreneurs, de mettre en \u00e9vidence les opportunit\u00e9s commerciales mutuelles et de stimuler l\u2019entrepreneuriat, plus de 600 entreprises se r\u00e9uniront \u00e0 nouveau \u00e0 Kortrijk Xpo en tant qu\u2019exposants.<\/p>\n<p>Cette ann\u00e9e, vous nous trouverez avec <a href=\"https:\/\/www.smartsolutions.jobs\">Smart Solutions<\/a> au <a href=\"https:\/\/www.bedrijvencontactdagen.be\/fr\/exposants\/liste-des-exposants\/e\/60573\/traxgo\/?r=637056073861256007\">stand 429<\/a>. N\u2019h\u00e9sitez pas \u00e0 nous rendre visite pour une agr\u00e9able discussion; nous regarderons ensemble ce que nos solutions innovantes peuvent apporter \u00e0 votre entreprise.<\/p>\n<p><a class=\"button\" href=\"https:\/\/www.bedrijvencontactdagen.be\" target=\"_blank\" rel=\"noopener\">Plus d'information<\/a><\/p>\n","protected":false},"excerpt":{"rendered":"<p>Les 4 et 5 d\u00e9cembre 2019, Traxgo participera \u00e0 nouveau aux Bedrijven Contactdagen. Le plus grand \u00e9v\u00e9nement en Belgique en mati\u00e8re de contacts pour les entreprises en est entre-temps d\u00e9j\u00e0 \u00e0 sa 17e \u00e9dition.<\/p>\n","protected":false},"author":1,"featured_media":4713,"comment_status":"closed","ping_status":"open","sticky":false,"template":"","format":"standard","meta":{"_acf_changed":false,"footnotes":""},"categories":[12],"tags":[],"class_list":["post-4714","post","type-post","status-publish","format-standard","has-post-thumbnail","hentry","category-non-classifiee"],"acf":[],"_links":{"self":[{"href":"https:\/\/www.traxgo.be\/fr\/wp-json\/wp\/v2\/posts\/4714","targetHints":{"allow":["GET"]}}],"collection":[{"href":"https:\/\/www.traxgo.be\/fr\/wp-json\/wp\/v2\/posts"}],"about":[{"href":"https:\/\/www.traxgo.be\/fr\/wp-json\/wp\/v2\/types\/post"}],"author":[{"embeddable":true,"href":"https:\/\/www.traxgo.be\/fr\/wp-json\/wp\/v2\/users\/1"}],"replies":[{"embeddable":true,"href":"https:\/\/www.traxgo.be\/fr\/wp-json\/wp\/v2\/comments?post=4714"}],"version-history":[{"count":4,"href":"https:\/\/www.traxgo.be\/fr\/wp-json\/wp\/v2\/posts\/4714\/revisions"}],"predecessor-version":[{"id":4721,"href":"https:\/\/www.traxgo.be\/fr\/wp-json\/wp\/v2\/posts\/4714\/revisions\/4721"}],"wp:featuredmedia":[{"embeddable":true,"href":"https:\/\/www.traxgo.be\/fr\/wp-json\/wp\/v2\/media\/4713"}],"wp:attachment":[{"href":"https:\/\/www.traxgo.be\/fr\/wp-json\/wp\/v2\/media?parent=4714"}],"wp:term":[{"taxonomy":"category","embeddable":true,"href":"https:\/\/www.traxgo.be\/fr\/wp-json\/wp\/v2\/categories?post=4714"},{"taxonomy":"post_tag","embeddable":true,"href":"https:\/\/www.traxgo.be\/fr\/wp-json\/wp\/v2\/tags?post=4714"}],"curies":[{"name":"wp","href":"https:\/\/api.w.org\/{rel}","templated":true}]}}